{"id":108,"date":"2020-12-30T17:00:27","date_gmt":"2020-12-30T17:00:27","guid":{"rendered":"https:\/\/lbpost.com\/espanol\/2020\/12\/30\/repasando-algunas-de-nuestras-historias-mas-impactantes-en-espanol-del-2020"},"modified":"2020-12-30T00:20:02","modified_gmt":"2020-12-30T00:20:02","slug":"repasando-algunas-de-nuestras-historias-mas-impactantes-en-espanol-del-2020","status":"publish","type":"post","link":"https:\/\/lbpost.com\/espanol\/news\/repasando-algunas-de-nuestras-historias-mas-impactantes-en-espanol-del-2020","title":{"rendered":"Repasando algunas de nuestras historias m\u00e1s impactantes en espa\u00f1ol del 2020"},"content":{"rendered":"<p>A medida que el a\u00f1o 2020 llega a su fin, los residentes de Long Beach se enfrentaron a desaf\u00edos en todos los frentes, desde una crisis de salud masiva hasta una severa reflexi\u00f3n sobre el racismo sistem\u00e1tico. Mientras que estos temas ocuparon los titulares principales, aqu\u00ed hay una lista de otras historias que probablemente podr\u00edan haberse perdido este a\u00f1o.<\/p>\n<p>&nbsp;<\/p>\n<figure id=\"attachment_10000021520\" aria-describedby=\"caption-attachment-10000021520\" style=\"width: 1110px\" class=\"wp-caption aligncenter\"><img loading=\"lazy\" decoding=\"async\" class=\"wp-image-10000021520 size-large\" src=\"https:\/\/img.lbpost.com\/wp-content\/uploads\/2020\/06\/04192016\/Long-Beach-Protest_5052-1110x626.jpg\" alt=\"\" width=\"1110\" height=\"626\" \/><figcaption id=\"caption-attachment-10000021520\" class=\"wp-caption-text\">Over 1,000 protesters gathered in Downtown Long Beach, Thursday, June 4, 2020. Photo by Brandon Richardson.<\/figcaption><\/figure>\n<ul>\n<li><a href=\"https:\/\/lbpost.com\/news\/chat-en-vivo-anti-negritud-en-la-comunidad-latina-y-el-movimiento-black-lives-matter\"><strong>Chat en vivo: anti-negritud en la comunidad latina y el movimiento Black Lives Matter<\/strong><\/a><\/li>\n<\/ul>\n<p><span lang=\"es\">El chat en vivo fue sobre<\/span>\u00a0la anti-negritud en la comunidad latina y los esfuerzos de la coalici\u00f3n para educar a la comunidad de habla hispana sobre el movimiento Black Lives Matter.<\/p>\n<p>&nbsp;<\/p>\n<figure id=\"attachment_10000024595\" aria-describedby=\"caption-attachment-10000024595\" style=\"width: 1110px\" class=\"wp-caption aligncenter\"><img loading=\"lazy\" decoding=\"async\" class=\"wp-image-10000024595 size-large\" src=\"https:\/\/img.lbpost.com\/wp-content\/uploads\/2020\/07\/24113513\/Screen-Shot-2020-07-24-at-11.28.39-AM-1110x941.png\" alt=\"\" width=\"1110\" height=\"941\" \/><figcaption id=\"caption-attachment-10000024595\" class=\"wp-caption-text\">City of Long Beach map of COVID-19 rates.<\/figcaption><\/figure>\n<ul>\n<li><a href=\"https:\/\/lbpost.com\/news\/una-historia-de-dos-ciudades-donde-vives-en-long-beach-aumenta-enormemente-tus-posibilidades-de-contraer-covid-19\"><strong>Una historia de dos ciudades: donde vives en Long Beach aumenta enormemente tus posibilidades de contraer COVID-19<\/strong><\/a><\/li>\n<\/ul>\n<p>Para muchos residentes, Long Beach es una historia de dos ciudades, donde las disparidades en delincuencia, ingresos, educaci\u00f3n y salud han existido durante d\u00e9cadas. Los expertos dicen que esas desigualdades se han convertido en una clara visi\u00f3n a medida que el coronavirus devasta las comunidades vulnerables.<\/p>\n<p>&nbsp;<\/p>\n<figure id=\"attachment_10000017866\" aria-describedby=\"caption-attachment-10000017866\" style=\"width: 1110px\" class=\"wp-caption aligncenter\"><img loading=\"lazy\" decoding=\"async\" class=\"wp-image-10000017866 size-large\" src=\"https:\/\/img.lbpost.com\/wp-content\/uploads\/2020\/04\/13113334\/0411-COVIDSAT23-1110x776.jpg\" alt=\"coronavirus\" width=\"1110\" height=\"776\" \/><figcaption id=\"caption-attachment-10000017866\" class=\"wp-caption-text\">Masked because of COVID-19, two men talk in-front of Arevalo&#8217;s Barber Shop along East Anaheim Street in Long Beach. Saturday, April 11, 2020. Photo by Stephen Carr.<\/figcaption><\/figure>\n<ul>\n<li><a href=\"https:\/\/lbpost.com\/news\/informe-muestra-lo-saludable-que-era-long-beach-antes-del-coronavirus\"><strong>Informe muestra lo saludable que era Long Beach antes del coronavirus<\/strong><\/a><\/li>\n<\/ul>\n<p>La pandemia de coronavirus ha afectado a partes de la ciudad de forma m\u00e1s grave que a otras, y una evaluaci\u00f3n de salud reciente de Long Beach realizada antes de que comenzara la pandemia puede dar pistas sobre la magnitud de la pandemia.<\/p>\n<p>&nbsp;<\/p>\n<figure id=\"attachment_10000024208\" aria-describedby=\"caption-attachment-10000024208\" style=\"width: 1110px\" class=\"wp-caption aligncenter\"><img loading=\"lazy\" decoding=\"async\" class=\"wp-image-10000024208 size-large\" src=\"https:\/\/img.lbpost.com\/wp-content\/uploads\/2020\/07\/18021312\/david-mcgill_1-1110x752.jpg\" alt=\"\" width=\"1110\" height=\"752\" \/><figcaption id=\"caption-attachment-10000024208\" class=\"wp-caption-text\">Un polic\u00eda de Long Beach sigue a David McGill, un residente del vecindario de Washington, y sus compa\u00f1eros manifestantes durante una marcha contra la violencia en el vecindario de Washington en Long Beach el 17 de julio de 2020. \/ Long Beach police tailgate Washington Neighborhood resident David McGill and his fellow protesters during an anti-violence march in the Washington Neighborhood in Long Beach on July 17, 2020. For por \/ Photo by Crystal Niebla.<\/figcaption><\/figure>\n<ul>\n<li><a href=\"https:\/\/lbpost.com\/news\/la-policia-dice-que-el-miedo-las-frustraciones-de-covid-19-y-el-aumento-de-la-actividad-de-las-pandillas-han-llevado-a-un-aumento-en-el-crimen-en-oeste-centro-de-long-beach\"><strong>La polic\u00eda dice que el miedo, las frustraciones de COVID-19 y el aumento de la actividad de las pandillas han llevado a un aumento en el crimen en oeste, centro de Long Beach<\/strong><\/a><\/li>\n<\/ul>\n<p>Una cultura de \u201ca los soplones les va mal\u201d, las frustraciones de COVID-19 y un aumento de la actividad pandillera son los culpables del aumento de la delincuencia en el oeste y centro de Long Beach, dijo la polic\u00eda durante una junta virtual.<\/p>\n<p>Mirando m\u00e1s all\u00e1 de la buena mesa, la serie <em>Side Street Eats,\u00a0<\/em>por sus siglas en ingles,\u00a0analiza los peque\u00f1os negocios locales y c\u00f3mo las familias que los dirigen convertidos sus pasiones en una forma de vida.<\/p>\n<p>&nbsp;<\/p>\n<ul>\n<li><strong>\u2018Con mucho amor\u2019: La Ceiba, el restaurante centroamericano-mexicano, ense\u00f1a cari\u00f1o a sus clientes en tiempos dif\u00edciles<\/strong><\/li>\n<\/ul>\n<p><iframe loading=\"lazy\" title=\"Central American-Mexican restaurant La Ceiba embraces Long Beach customers during hard times\" width=\"500\" height=\"281\" src=\"https:\/\/www.youtube.com\/embed\/dawGzcXG4iA?feature=oembed\" frameborder=\"0\" allow=\"accelerometer; autoplay; clipboard-write; encrypted-media; gyroscope; picture-in-picture; web-share\" referrerpolicy=\"strict-origin-when-cross-origin\" allowfullscreen><\/iframe><\/p>\n<p>&nbsp;<\/p>\n<ul>\n<li><strong>La Michoacana Monarca whips up Latin-inspired treats in North Long Beach<\/strong><\/li>\n<\/ul>\n<p><iframe loading=\"lazy\" title=\"La Michoacana Monarca whips up Latin-inspired treats in North Long Beach\" width=\"500\" height=\"281\" src=\"https:\/\/www.youtube.com\/embed\/det-byxoBeQ?feature=oembed\" frameborder=\"0\" allow=\"accelerometer; autoplay; clipboard-write; encrypted-media; gyroscope; picture-in-picture; web-share\" referrerpolicy=\"strict-origin-when-cross-origin\" allowfullscreen><\/iframe><\/p>\n<p>&nbsp;<\/p>\n<ul>\n<li><strong>Side strEATS: 562 Tacos, authentic Jalisco-style street tacos in West Long Beach<\/strong><\/li>\n<\/ul>\n<p><iframe loading=\"lazy\" title=\"Side strEATS: 562 Tacos, authentic Jalisco-style street tacos in West Long Beach\" width=\"500\" height=\"281\" src=\"https:\/\/www.youtube.com\/embed\/vARMvAtIbnA?feature=oembed\" frameborder=\"0\" allow=\"accelerometer; autoplay; clipboard-write; encrypted-media; gyroscope; picture-in-picture; web-share\" referrerpolicy=\"strict-origin-when-cross-origin\" allowfullscreen><\/iframe><\/p>\n<p>&nbsp;<\/p>\n<p>Este a\u00f1o, agregamos a dos reporteros biling\u00fces que han podido traer reportajes en espa\u00f1ol a la comunidad latina. Para recibir estas historias <a href=\"https:\/\/lbpost.com\/news\/suscribete-al-nuevo-boletin-en-espanol-de-long-beach-post\">suscribanse a nuestro bolet\u00edn de noticias de correo electr\u00f3nico<\/a> y apoye sus trabajos<a href=\"https:\/\/lbpost.com\/support\"> aqu\u00ed<\/a>.<\/p>\n","protected":false},"excerpt":{"rendered":"<p>Aqu\u00ed hay una lista de historias que probablemente podr\u00edan haberse perdido este a\u00f1o.<\/p>\n","protected":false},"author":272,"featured_media":2092,"comment_status":"closed","ping_status":"open","sticky":false,"template":"","format":"standard","meta":{"newspack_sponsor_sponsorship_scope":"","newspack_sponsor_native_byline_display":"inherit","newspack_sponsor_native_category_display":"inherit","newspack_sponsor_underwriter_style":"inherit","newspack_sponsor_underwriter_placement":"inherit","inline_featured_image":false,"newspack_ads_suppress_ads":false,"_":"","_author_alias":"","cap-aim":"","cap-description":"","cap-display_name":"","cap-first_name":"","cap-jabber":"","cap-last_name":"","cap-linked_account":"","cap-newspack_employer":"","cap-newspack_job_title":"","cap-newspack_phone_number":"","cap-newspack_role":"","cap-user_email":"","cap-user_login":"","cap-website":"","cap-yahooim":"","newspack_article_summary":"","newspack_email_html":"","newspack_email_type":"","newspack_featured_image_position":"","newspack_hide_page_title":"","newspack_hide_updated_date":false,"newspack_popups_has_disabled_popups":"","newspack_post_subtitle":"","newspack_show_share_buttons":"","newspack_sponsor_byline_prefix":"","newspack_sponsor_disclaimer_override":"","newspack_sponsor_flag_override":"","newspack_sponsor_only_direct":"","newspack_sponsor_url":"","newspack_article_summary_title":"Overview:","newspack_show_updated_date":false,"footnotes":""},"categories":[4],"tags":[5,45],"newspack_spnsrs_tax":[],"coauthors":[13,35,10],"class_list":["post-108","post","type-post","status-publish","format-standard","has-post-thumbnail","hentry","category-news","tag-_spanish","tag-revision-de-2020","entry"],"_links":{"self":[{"href":"https:\/\/lbpost.com\/espanol\/wp-json\/wp\/v2\/posts\/108","targetHints":{"allow":["GET"]}}],"collection":[{"href":"https:\/\/lbpost.com\/espanol\/wp-json\/wp\/v2\/posts"}],"about":[{"href":"https:\/\/lbpost.com\/espanol\/wp-json\/wp\/v2\/types\/post"}],"author":[{"embeddable":true,"href":"https:\/\/lbpost.com\/espanol\/wp-json\/wp\/v2\/users\/272"}],"replies":[{"embeddable":true,"href":"https:\/\/lbpost.com\/espanol\/wp-json\/wp\/v2\/comments?post=108"}],"version-history":[{"count":0,"href":"https:\/\/lbpost.com\/espanol\/wp-json\/wp\/v2\/posts\/108\/revisions"}],"wp:featuredmedia":[{"embeddable":true,"href":"https:\/\/lbpost.com\/espanol\/wp-json\/wp\/v2\/media\/2092"}],"wp:attachment":[{"href":"https:\/\/lbpost.com\/espanol\/wp-json\/wp\/v2\/media?parent=108"}],"wp:term":[{"taxonomy":"category","embeddable":true,"href":"https:\/\/lbpost.com\/espanol\/wp-json\/wp\/v2\/categories?post=108"},{"taxonomy":"post_tag","embeddable":true,"href":"https:\/\/lbpost.com\/espanol\/wp-json\/wp\/v2\/tags?post=108"},{"taxonomy":"newspack_spnsrs_tax","embeddable":true,"href":"https:\/\/lbpost.com\/espanol\/wp-json\/wp\/v2\/newspack_spnsrs_tax?post=108"},{"taxonomy":"author","embeddable":true,"href":"https:\/\/lbpost.com\/espanol\/wp-json\/wp\/v2\/coauthors?post=108"}],"curies":[{"name":"wp","href":"https:\/\/api.w.org\/{rel}","templated":true}]}}