{"id":1090,"date":"2022-06-01T13:00:50","date_gmt":"2022-06-01T20:00:50","guid":{"rendered":"https:\/\/lbpost.com\/espanol\/?p=1293"},"modified":"2022-06-02T13:38:19","modified_gmt":"2022-06-02T20:38:19","slug":"long-beach-organizara-una-feria-de-trabajo-con-mas-de-150-empleadores-tratando-de-cubrir-3000-puestos","status":"publish","type":"post","link":"https:\/\/lbpost.com\/espanol\/news\/long-beach-organizara-una-feria-de-trabajo-con-mas-de-150-empleadores-tratando-de-cubrir-3000-puestos","title":{"rendered":"Long Beach organizar\u00e1 una feria de trabajo con m\u00e1s de 150 empleadores tratando de cubrir 3,000 puestos"},"content":{"rendered":"<p><a href=\"https:\/\/lbpost.com\/news\/job-fair-long-beach-convention-center-june-7\"><em>Read this story in English<\/em><\/a><\/p>\n<p>Long Beach organizar\u00e1 una feria de trabajo comunitaria el martes 7 de junio, con m\u00e1s de 160 empleadores que buscan llenar m\u00e1s de 3,000 vacantes, dijeron las autoridades.<\/p>\n<p>El evento es de 1 a 5 p.m. en el Centro de Convenciones de Long Beach. Los solicitantes de empleo deben registrarse previamente para la admisi\u00f3n.<\/p>\n<p>Las industrias participantes incluyen aeroespacial, aviaci\u00f3n, fabricaci\u00f3n avanzada, construcci\u00f3n, servicios p\u00fablicos, servicios ambientales, gobierno, sin fines de lucro, atenci\u00f3n m\u00e9dica, tecnolog\u00eda de la informaci\u00f3n, servicios financieros, hoteler\u00eda, venta minorista, turismo, transporte, distribuci\u00f3n y log\u00edstica.<\/p>\n<p>Quienes asistan tendr\u00e1n la oportunidad de reunirse directamente con reclutadores y gerentes de contrataci\u00f3n, con la posibilidad de entrevistas el mismo d\u00eda.<\/p>\n<p>Para obtener informaci\u00f3n, visite la p\u00e1gina web de la feria de empleo de Pacific Gateway o llame al 562-570-3700.<\/p>\n","protected":false},"excerpt":{"rendered":"<p>El evento es de 1 a 5 p.m. en el Centro de Convenciones de Long Beach.<\/p>\n","protected":false},"author":33,"featured_media":2292,"comment_status":"open","ping_status":"open","sticky":false,"template":"","format":"standard","meta":{"newspack_sponsor_sponsorship_scope":"","newspack_sponsor_native_byline_display":"inherit","newspack_sponsor_native_category_display":"inherit","newspack_sponsor_underwriter_style":"inherit","newspack_sponsor_underwriter_placement":"inherit","inline_featured_image":false,"newspack_ads_suppress_ads":false,"_":"","_author_alias":"","cap-aim":"","cap-description":"","cap-display_name":"","cap-first_name":"","cap-jabber":"","cap-last_name":"","cap-linked_account":"","cap-newspack_employer":"","cap-newspack_job_title":"","cap-newspack_phone_number":"","cap-newspack_role":"","cap-user_email":"","cap-user_login":"","cap-website":"","cap-yahooim":"","newspack_article_summary":"","newspack_email_html":"","newspack_email_type":"","newspack_featured_image_position":"","newspack_hide_page_title":"","newspack_hide_updated_date":false,"newspack_popups_has_disabled_popups":"","newspack_post_subtitle":"","newspack_show_share_buttons":"","newspack_sponsor_byline_prefix":"","newspack_sponsor_disclaimer_override":"","newspack_sponsor_flag_override":"","newspack_sponsor_only_direct":"","newspack_sponsor_url":"","newspack_article_summary_title":"Overview:","newspack_show_updated_date":false,"footnotes":""},"categories":[4],"tags":[192],"newspack_spnsrs_tax":[],"coauthors":[170],"class_list":["post-1090","post","type-post","status-publish","format-standard","has-post-thumbnail","hentry","category-news","tag-feria-de-trabajo","entry"],"_links":{"self":[{"href":"https:\/\/lbpost.com\/espanol\/wp-json\/wp\/v2\/posts\/1090","targetHints":{"allow":["GET"]}}],"collection":[{"href":"https:\/\/lbpost.com\/espanol\/wp-json\/wp\/v2\/posts"}],"about":[{"href":"https:\/\/lbpost.com\/espanol\/wp-json\/wp\/v2\/types\/post"}],"author":[{"embeddable":true,"href":"https:\/\/lbpost.com\/espanol\/wp-json\/wp\/v2\/users\/33"}],"replies":[{"embeddable":true,"href":"https:\/\/lbpost.com\/espanol\/wp-json\/wp\/v2\/comments?post=1090"}],"version-history":[{"count":3,"href":"https:\/\/lbpost.com\/espanol\/wp-json\/wp\/v2\/posts\/1090\/revisions"}],"predecessor-version":[{"id":921,"href":"https:\/\/lbpost.com\/espanol\/wp-json\/wp\/v2\/posts\/1090\/revisions\/921"}],"wp:featuredmedia":[{"embeddable":true,"href":"https:\/\/lbpost.com\/espanol\/wp-json\/wp\/v2\/media\/2292"}],"wp:attachment":[{"href":"https:\/\/lbpost.com\/espanol\/wp-json\/wp\/v2\/media?parent=1090"}],"wp:term":[{"taxonomy":"category","embeddable":true,"href":"https:\/\/lbpost.com\/espanol\/wp-json\/wp\/v2\/categories?post=1090"},{"taxonomy":"post_tag","embeddable":true,"href":"https:\/\/lbpost.com\/espanol\/wp-json\/wp\/v2\/tags?post=1090"},{"taxonomy":"newspack_spnsrs_tax","embeddable":true,"href":"https:\/\/lbpost.com\/espanol\/wp-json\/wp\/v2\/newspack_spnsrs_tax?post=1090"},{"taxonomy":"author","embeddable":true,"href":"https:\/\/lbpost.com\/espanol\/wp-json\/wp\/v2\/coauthors?post=1090"}],"curies":[{"name":"wp","href":"https:\/\/api.w.org\/{rel}","templated":true}]}}