{"id":1178,"date":"2022-07-13T08:00:59","date_gmt":"2022-07-13T15:00:59","guid":{"rendered":"https:\/\/lbpost.com\/espanol\/?p=1394"},"modified":"2022-07-12T17:20:16","modified_gmt":"2022-07-13T00:20:16","slug":"covid-reduce-la-esperanza-de-vida-de-latinos-negros-y-asiaticos-mas-que-los-blancos-segun-estudio","status":"publish","type":"post","link":"https:\/\/lbpost.com\/espanol\/uncategorized\/covid-reduce-la-esperanza-de-vida-de-latinos-negros-y-asiaticos-mas-que-los-blancos-segun-estudio","title":{"rendered":"COVID reduce la esperanza de vida de latinos, negros y asi\u00e1ticos m\u00e1s que los blancos, seg\u00fan estudio"},"content":{"rendered":"<p><a href=\"https:\/\/calmatters.org\/\"><i>CalMatters<\/i><\/a> es una empresa de periodismo no partidista y sin fines de lucro comprometida a explicar c\u00f3mo funciona el Capitolio del estado de California y por qu\u00e9 es importante.<\/p>\n<p>Las disparidades de salud raciales y econ\u00f3micas expuestas por la pandemia han contribuido a una brecha cada vez mayor en la esperanza de vida de los californianos, seg\u00fan <a href=\"https:\/\/jamanetwork.com\/journals\/jama\/fullarticle\/2794146?guestAccessKey=acd69ea5-6be4-4e56-9486-17878426d1b9&amp;utm_source=For_The_Media&amp;utm_medium=referral&amp;utm_campaign=ftm_links&amp;utm_content=tfl&amp;utm_term=070722\">un estudio publicado el jueves<\/a> en el Journal of the American Medical Association.<\/p>\n<p>Los investigadores encontraron que entre 2019 y 2021, la esperanza de vida de los latinos californianos se redujo en casi seis a\u00f1os, de 82.5 a\u00f1os a 76.8. Esa ca\u00edda es el doble de la disminuci\u00f3n promedio de aproximadamente tres a\u00f1os para todos los californianos y tres veces m\u00e1s que la disminuci\u00f3n de casi dos a\u00f1os para los californianos blancos.<\/p>\n<p>Antes de la pandemia, los californianos blancos ten\u00edan una esperanza de vida m\u00e1s baja que los latinos de 80.5 a\u00f1os. En 2021, la vida \u00fatil esperada de los blancos hab\u00eda disminuido a 78.6 a\u00f1os.<\/p>\n<p>La esperanza de vida es una medida hipot\u00e9tica de cu\u00e1nto tiempo vivir\u00e1n los nacidos en un a\u00f1o espec\u00edfico en funci\u00f3n de las tasas de mortalidad de ese a\u00f1o. No es una medida de la esperanza de vida real, pero los investigadores la usan para comprender la p\u00e9rdida de vidas en varias poblaciones, seg\u00fan el Laboratorio de Pol\u00edticas de California.<\/p>\n<p>Disminuy\u00f3 en casi cuatro a\u00f1os para los californianos negros, de 74.8 a\u00f1os a 71, y en tres a\u00f1os para los californianos asi\u00e1ticos, de 86.6 a\u00f1os a 83.5, dice el estudio.<\/p>\n<p>\u201cNuestros hallazgos son otra se\u00f1al preocupante de c\u00f3mo el impacto de la pandemia no se sinti\u00f3 de manera uniforme en todas las comunidades\u201d, dijo Till von Wachter, profesor de econom\u00eda de UCLA y director de la facultad del Laboratorio de Pol\u00edticas de California, quien es uno de los coautores del informe.<\/p>\n<p><b>Mayores riesgos de exposici\u00f3n<\/b><\/p>\n<p>Los investigadores escribieron que las disminuciones desproporcionadamente grandes en la esperanza de vida entre las poblaciones latinas y negras reflejan su mayor exposici\u00f3n a la infecci\u00f3n por COVID-19, lo que se refleja en tasas m\u00e1s altas de hospitalizaci\u00f3n y muerte.<\/p>\n<p>Los latinos y los negros ten\u00edan m\u00e1s probabilidades de trabajar en trabajos de primera l\u00ednea y depender del transporte y la vivienda que aumentaban los riesgos de exposici\u00f3n, dijeron los investigadores, y ten\u00edan m\u00e1s probabilidades de encontrar barreras para la atenci\u00f3n m\u00e9dica. Tambi\u00e9n era probable que tuvieran condiciones m\u00e9dicas y desaf\u00edos socioecon\u00f3micos que pusieran en peligro su salud.<\/p>\n<p>El estudio tambi\u00e9n mostr\u00f3 que aument\u00f3 la brecha en la esperanza de vida entre ricos y pobres.<\/p>\n<p>Antes de la pandemia, los investigadores encontraron que se pod\u00eda esperar que los residentes en el 1% m\u00e1s pobre de las zonas censales del estado vivieran hasta casi 76 a\u00f1os, aproximadamente 11.5 a\u00f1os menos que los del 1% m\u00e1s rico de las zonas. En 2021 esa brecha creci\u00f3 a 15.5 a\u00f1os menos de vida.<\/p>\n<p>Las disparidades en la esperanza de vida por vecindario <a href=\"https:\/\/www.ncbi.nlm.nih.gov\/pmc\/articles\/PMC4866586\/#:~:text=The%20gap%20in%20life%20expectancy,life%20expectancy%20increased%20over%20time.\">e ingresos<\/a> han sido <a href=\"https:\/\/www.pnas.org\/doi\/10.1073\/pnas.2003719117\">bien documentadas en todo el pa\u00eds<\/a>. Los investigadores del nuevo estudio creen que es el primer estudio que encuentra que esta brecha empeor\u00f3 durante la pandemia.<\/p>\n<p>Los <a href=\"https:\/\/www.cdph.ca.gov\/Programs\/CID\/DCDC\/Pages\/COVID-19\/Age-Race-Ethnicity.aspx\">datos<\/a> estatales muestran que los latinos experimentan casos y muertes de COVID a una tasa que supera con creces su participaci\u00f3n del 38% en la poblaci\u00f3n. Los latinos representaron el 46% de los casos de COVID y el 43% de las muertes en general, seg\u00fan el panel de control de COVID del estado.<\/p>\n<p>Los negros, que representan el 6% de la poblaci\u00f3n, representaron el 5% de los casos pero el 7% de las muertes.<\/p>\n<p><b>Estableciendo prioridades<\/b><\/p>\n<p>Los investigadores no ofrecieron recomendaciones de pol\u00edticas, pero se\u00f1alaron que estudiaron la esperanza de vida en funci\u00f3n de los ingresos de los vecindarios. Los factores dom\u00e9sticos y geogr\u00e1ficos, como las oportunidades laborales locales, la calidad de las escuelas y las condiciones ambientales, dan forma a las disparidades en la salud, dijeron.<\/p>\n<p>\u201cDocumentar las disparidades de salud basadas en el \u00e1rea puede ayudar a informar el desarrollo de pol\u00edticas y establecer prioridades para destinar recursos e inversiones a las comunidades marginadas\u201d, escribieron.<\/p>\n<p>El gobernador Gavin Newsom y los legisladores estatales aprobaron recientemente una gran <a href=\"https:\/\/calmatters.org\/politics\/2022\/06\/california-budget-deal-2\/\">expansi\u00f3n de la red de seguridad de salud del estado<\/a>, presupuestando fondos para abrir la cobertura de Medi-Cal a todos los inmigrantes indocumentados elegibles por ingresos, independientemente de su edad. Las expansiones pasadas incluyeron inmigrantes que eran adultos j\u00f3venes o mayores de 55 a\u00f1os.<\/p>\n","protected":false},"excerpt":{"rendered":"<p>Un estudio de una revista m\u00e9dica dice que la esperanza de vida de los latinos de California cay\u00f3 seis a\u00f1os, m\u00e1s que otras poblaciones durante la pandemia.<\/p>\n","protected":false},"author":283,"featured_media":2315,"comment_status":"open","ping_status":"open","sticky":false,"template":"","format":"standard","meta":{"newspack_sponsor_sponsorship_scope":"","newspack_sponsor_native_byline_display":"inherit","newspack_sponsor_native_category_display":"inherit","newspack_sponsor_underwriter_style":"inherit","newspack_sponsor_underwriter_placement":"inherit","inline_featured_image":false,"newspack_ads_suppress_ads":false,"_":"","_author_alias":"","cap-aim":"","cap-description":"","cap-display_name":"","cap-first_name":"","cap-jabber":"","cap-last_name":"","cap-linked_account":"","cap-newspack_employer":"","cap-newspack_job_title":"","cap-newspack_phone_number":"","cap-newspack_role":"","cap-user_email":"","cap-user_login":"","cap-website":"","cap-yahooim":"","newspack_article_summary":"","newspack_email_html":"","newspack_email_type":"","newspack_featured_image_position":"","newspack_hide_page_title":"","newspack_hide_updated_date":false,"newspack_popups_has_disabled_popups":"","newspack_post_subtitle":"","newspack_show_share_buttons":"","newspack_sponsor_byline_prefix":"","newspack_sponsor_disclaimer_override":"","newspack_sponsor_flag_override":"","newspack_sponsor_only_direct":"","newspack_sponsor_url":"","newspack_article_summary_title":"Overview:","newspack_show_updated_date":false,"footnotes":""},"categories":[1],"tags":[44],"newspack_spnsrs_tax":[],"coauthors":[11],"class_list":["post-1178","post","type-post","status-publish","format-standard","has-post-thumbnail","hentry","category-uncategorized","tag-covid-19","entry"],"_links":{"self":[{"href":"https:\/\/lbpost.com\/espanol\/wp-json\/wp\/v2\/posts\/1178","targetHints":{"allow":["GET"]}}],"collection":[{"href":"https:\/\/lbpost.com\/espanol\/wp-json\/wp\/v2\/posts"}],"about":[{"href":"https:\/\/lbpost.com\/espanol\/wp-json\/wp\/v2\/types\/post"}],"author":[{"embeddable":true,"href":"https:\/\/lbpost.com\/espanol\/wp-json\/wp\/v2\/users\/283"}],"replies":[{"embeddable":true,"href":"https:\/\/lbpost.com\/espanol\/wp-json\/wp\/v2\/comments?post=1178"}],"version-history":[{"count":0,"href":"https:\/\/lbpost.com\/espanol\/wp-json\/wp\/v2\/posts\/1178\/revisions"}],"wp:featuredmedia":[{"embeddable":true,"href":"https:\/\/lbpost.com\/espanol\/wp-json\/wp\/v2\/media\/2315"}],"wp:attachment":[{"href":"https:\/\/lbpost.com\/espanol\/wp-json\/wp\/v2\/media?parent=1178"}],"wp:term":[{"taxonomy":"category","embeddable":true,"href":"https:\/\/lbpost.com\/espanol\/wp-json\/wp\/v2\/categories?post=1178"},{"taxonomy":"post_tag","embeddable":true,"href":"https:\/\/lbpost.com\/espanol\/wp-json\/wp\/v2\/tags?post=1178"},{"taxonomy":"newspack_spnsrs_tax","embeddable":true,"href":"https:\/\/lbpost.com\/espanol\/wp-json\/wp\/v2\/newspack_spnsrs_tax?post=1178"},{"taxonomy":"author","embeddable":true,"href":"https:\/\/lbpost.com\/espanol\/wp-json\/wp\/v2\/coauthors?post=1178"}],"curies":[{"name":"wp","href":"https:\/\/api.w.org\/{rel}","templated":true}]}}