{"id":120,"date":"2020-12-02T23:07:09","date_gmt":"2020-12-02T23:07:09","guid":{"rendered":"https:\/\/lbpost.com\/espanol\/2020\/12\/02\/comunidad-recauda-fondos-para-defensora-de-padres-despues-de-que-el-esposo-es-hospitalizado-con-covid-19"},"modified":"2020-12-02T23:07:09","modified_gmt":"2020-12-02T23:07:09","slug":"comunidad-recauda-fondos-para-defensora-de-padres-despues-de-que-el-esposo-es-hospitalizado-con-covid-19","status":"publish","type":"post","link":"https:\/\/lbpost.com\/espanol\/news\/comunidad-recauda-fondos-para-defensora-de-padres-despues-de-que-el-esposo-es-hospitalizado-con-covid-19","title":{"rendered":"Comunidad recauda fondos para defensora de padres despu\u00e9s de que el esposo es hospitalizado con COVID-19"},"content":{"rendered":"<p><a href=\"https:\/\/lbpost.com\/news\/community-raises-funds-for-parent-advocate-leader-after-husband-is-hospitalized-with-covid-19\"><i>Read this article in English<\/i><\/a><\/p>\n<p>Sobre los a\u00f1os, Martha Cota ha apoyado a las familias de Long Beach a trav\u00e9s de su organizaci\u00f3n sin fines de lucro Latinos en Acci\u00f3n. Ahora, la comunidad alrededor de Cota se ha unificado para ayudar a su propia familia despu\u00e9s de que su esposo fue hospitalizado recientemente con COVID-19.<\/p>\n<p>La condici\u00f3n del esposo ha empeorado despu\u00e9s de que se recuper\u00f3 lo suficiente como para que le quitaran un ventilador hace solo unos d\u00edas, seg\u00fan amigos. Como \u00fanico sost\u00e9n de la familia y sin seguro m\u00e9dico, esto significa incertidumbre con las facturas, la comida y el alquiler para la familia. La propia Cota ha tenido que reducir el trabajo debido a la pandemia.<\/p>\n<p>Al comprender la gravedad de la situaci\u00f3n, Silissa Uriarte Smith, quien es parte de la misma red de mujeres activas c\u00edvicamente con Cota, se puso en acci\u00f3n y cre\u00f3 una <a href=\"https:\/\/www.gofundme.com\/f\/6ftouk8?utm_source=facebook&amp;utm_medium=social&amp;utm_campaign=p_lico%2Bupdate&amp;fbclid=IwAR1EARNRU-UaAXbZZFCmmPAdkOLGYTBgXziiv2kFUBIuxB-nnl0w3SH_0YU\">cuenta en GoFundMe<\/a> el lunes.<\/p>\n<p>Uriarte Smith describi\u00f3 a Cota como un h\u00e9roe con un coraz\u00f3n desinteresado y generoso, y lo suficientemente humilde como para no pedir ayuda directamente.<\/p>\n<p>\u201cLo hice por qui\u00e9n es ella, y realmente es la mejor de nuestra comunidad\u201d, dijo Uriarte Smith. &#8220;Y debemos estar all\u00ed para apoyar a lo mejor de nuestra comunidad en tiempos de crisis&#8221;.<\/p>\n<p>Uriarte Smith dijo que conoci\u00f3 a Cota en 2007 cuando era la directora ejecutiva de la YWCA de Harbor Area y South Bay y Martha era la educadora de padres en espa\u00f1ol que dirig\u00eda clases para familias referidas por el departamento de Servicios para Ni\u00f1os y Familias del condado.<\/p>\n<p>Esas clases a menudo se volvieron las m\u00e1s populares y los padres terminar\u00edan uni\u00e9ndose a la organizaci\u00f3n sin fines de lucro Latinos in Action de Cota.<\/p>\n<p>\u201cTiene esa habilidad natural de relacionarse para hacer que los padres sientan que valen algo, a pesar de los problemas que estaban pasando con el proceso del DCSF\u201d, dijo Uriarte Smith.<\/p>\n<p>El miembro de la junta del Distrito Escolar Unificado de Long Beach, Juan Ben\u00edtez, quien conoce a Cota desde hace 13 a\u00f1os, dijo que el gran apoyo a la familia de Cota habla de su &#8220;compromiso y devoci\u00f3n de por vida para ayudar a la comunidad&#8221;.<\/p>\n<p>En 2017, Martha fue nombrada Mujer del A\u00f1o por el asamble\u00edsta Patrick O\u2019Donnell por alentar a los padres a participar en la participaci\u00f3n c\u00edvica y el desarrollo del liderazgo.<\/p>\n<p>Ella ha luchado por salarios justos, ambientes saludables, derechos de los inquilinos y otros problemas de justicia social a lo largo de los a\u00f1os.<\/p>\n<p>Hasta ahora, se han recaudado m\u00e1s de $4,000 desde que se lanz\u00f3 la recaudaci\u00f3n de fondos el 30 de noviembre.<\/p>\n<p>Uriarte Smith espera recaudar al menos $10,000 para darle a la familia dos o tres meses de apoyo financiero.<\/p>\n<p>\u201cQuiero que la gente la ayude\u201d, dijo Uriarte Smith. &#8220;Ella es una hero\u00edna en nuestra comunidad y merece nuestro apoyo&#8221;.<\/p>\n<p>Para donar haga <a href=\"https:\/\/www.gofundme.com\/f\/6ftouk8?utm_source=facebook&amp;utm_medium=social&amp;utm_campaign=p_lico%2Bupdate&amp;fbclid=IwAR1EARNRU-UaAXbZZFCmmPAdkOLGYTBgXziiv2kFUBIuxB-nnl0w3SH_0YU\">clic aqu\u00ed<\/a>. El p\u00fablico tambi\u00e9n puede enviar sus donaciones a Uriarte Smith. Para hacerlo, env\u00edele un correo electr\u00f3nico a Politicallatina@gmail.com con un mensaje corto.<\/p>\n","protected":false},"excerpt":{"rendered":"<p>La comunidad de Long Beach se ha unido a la l\u00edder local Martha Cota, directora ejecutiva de Latinos en Acci\u00f3n, y su familia despu\u00e9s de que su esposo contrajo COVID-19 y posteriormente fue hospitalizado.<\/p>\n","protected":false},"author":155,"featured_media":2104,"comment_status":"closed","ping_status":"open","sticky":false,"template":"","format":"standard","meta":{"newspack_sponsor_sponsorship_scope":"","newspack_sponsor_native_byline_display":"inherit","newspack_sponsor_native_category_display":"inherit","newspack_sponsor_underwriter_style":"inherit","newspack_sponsor_underwriter_placement":"inherit","inline_featured_image":false,"newspack_ads_suppress_ads":false,"_":"","_author_alias":"","cap-aim":"","cap-description":"","cap-display_name":"","cap-first_name":"","cap-jabber":"","cap-last_name":"","cap-linked_account":"","cap-newspack_employer":"","cap-newspack_job_title":"","cap-newspack_phone_number":"","cap-newspack_role":"","cap-user_email":"","cap-user_login":"","cap-website":"","cap-yahooim":"","newspack_article_summary":"","newspack_email_html":"","newspack_email_type":"","newspack_featured_image_position":"","newspack_hide_page_title":"","newspack_hide_updated_date":false,"newspack_popups_has_disabled_popups":"","newspack_post_subtitle":"","newspack_show_share_buttons":"","newspack_sponsor_byline_prefix":"","newspack_sponsor_disclaimer_override":"","newspack_sponsor_flag_override":"","newspack_sponsor_only_direct":"","newspack_sponsor_url":"","newspack_article_summary_title":"Overview:","newspack_show_updated_date":false,"footnotes":""},"categories":[4],"tags":[5,49,8],"newspack_spnsrs_tax":[],"coauthors":[35],"class_list":["post-120","post","type-post","status-publish","format-standard","has-post-thumbnail","hentry","category-news","tag-_spanish","tag-comunidad","tag-coronavirus","entry"],"_links":{"self":[{"href":"https:\/\/lbpost.com\/espanol\/wp-json\/wp\/v2\/posts\/120","targetHints":{"allow":["GET"]}}],"collection":[{"href":"https:\/\/lbpost.com\/espanol\/wp-json\/wp\/v2\/posts"}],"about":[{"href":"https:\/\/lbpost.com\/espanol\/wp-json\/wp\/v2\/types\/post"}],"author":[{"embeddable":true,"href":"https:\/\/lbpost.com\/espanol\/wp-json\/wp\/v2\/users\/155"}],"replies":[{"embeddable":true,"href":"https:\/\/lbpost.com\/espanol\/wp-json\/wp\/v2\/comments?post=120"}],"version-history":[{"count":0,"href":"https:\/\/lbpost.com\/espanol\/wp-json\/wp\/v2\/posts\/120\/revisions"}],"wp:featuredmedia":[{"embeddable":true,"href":"https:\/\/lbpost.com\/espanol\/wp-json\/wp\/v2\/media\/2104"}],"wp:attachment":[{"href":"https:\/\/lbpost.com\/espanol\/wp-json\/wp\/v2\/media?parent=120"}],"wp:term":[{"taxonomy":"category","embeddable":true,"href":"https:\/\/lbpost.com\/espanol\/wp-json\/wp\/v2\/categories?post=120"},{"taxonomy":"post_tag","embeddable":true,"href":"https:\/\/lbpost.com\/espanol\/wp-json\/wp\/v2\/tags?post=120"},{"taxonomy":"newspack_spnsrs_tax","embeddable":true,"href":"https:\/\/lbpost.com\/espanol\/wp-json\/wp\/v2\/newspack_spnsrs_tax?post=120"},{"taxonomy":"author","embeddable":true,"href":"https:\/\/lbpost.com\/espanol\/wp-json\/wp\/v2\/coauthors?post=120"}],"curies":[{"name":"wp","href":"https:\/\/api.w.org\/{rel}","templated":true}]}}