{"id":1205,"date":"2022-07-29T10:45:27","date_gmt":"2022-07-29T17:45:27","guid":{"rendered":"https:\/\/lbpost.com\/espanol\/?p=1423"},"modified":"2022-07-29T10:45:27","modified_gmt":"2022-07-29T17:45:27","slug":"el-condado-de-los-angeles-decide-en-contra-de-otro-mandato-de-uso-de-mascarillas-citando-una-baja-tendencia-en-los-casos-de-covid-19","status":"publish","type":"post","link":"https:\/\/lbpost.com\/espanol\/uncategorized\/el-condado-de-los-angeles-decide-en-contra-de-otro-mandato-de-uso-de-mascarillas-citando-una-baja-tendencia-en-los-casos-de-covid-19","title":{"rendered":"El condado de Los \u00c1ngeles decide en contra de otro mandato de uso de m\u00e1scarillas, citando una baja tendencia en los casos de COVID-19"},"content":{"rendered":"<p>Citando tendencias descendentes continuas en los casos y hospitalizaciones de COVID-19, el condado de Los \u00c1ngeles elimin\u00f3 hoy los planes para volver a imponer un mandato universal de uso de m\u00e1scaras en interiores que habr\u00eda entrado en vigencia el viernes.<\/p>\n<p>La directora de Salud P\u00fablica, Barbara Ferrer, dijo a los periodistas en una sesi\u00f3n informativa en l\u00ednea que el promedio diario de nuevos casos de COVID en el condado durante la semana pasada fue de aproximadamente 5900 por d\u00eda, frente a los 6750 de hace una semana. Hab\u00eda 1.239 pacientes con COVID-positivo hospitalizados en el condado hasta el jueves, frente a los 1.329 de hace una semana.<\/p>\n<p>Tambi\u00e9n se\u00f1al\u00f3 que la tasa diaria promedio de personas que dieron positivo por el virus se ha mantenido estable en su mayor\u00eda.<\/p>\n<p>Seg\u00fan Ferrer, la disminuci\u00f3n en el n\u00famero de nuevas infecciones &#8220;se\u00f1ala potencialmente una baja tendencia en los casos&#8221;. Dijo que las hospitalizaciones tambi\u00e9n han comenzado a disminuir \u201cpor primera vez desde mediados de abril\u201d.<\/p>\n<p>La disminuci\u00f3n de nuevos casos y hospitalizaciones probablemente tambi\u00e9n conducir\u00e1 a una reducci\u00f3n de las muertes relacionadas con el virus, dijo.<\/p>\n<p>Ferrer hab\u00eda dicho anteriormente que se impondr\u00eda un nuevo mandato de enmascaramiento en interiores si el condado permanec\u00eda en la categor\u00eda de nivel de actividad del virus &#8220;alto&#8221; seg\u00fan lo definido por los Centros para el Control y la Prevenci\u00f3n de Enfermedades de EE. UU. durante dos semanas (CDC por sus siglas en ingles).<\/p>\n<p>El condado ingres\u00f3 a la categor\u00eda &#8220;alta&#8221; hace exactamente dos semanas cuando la tasa diaria promedio de nuevas admisiones hospitalarias relacionadas con COVID aument\u00f3 por encima de 10 por cada 100,000 residentes. Eso puso al condado en camino de imponer un nuevo mandato de enmascaramiento el viernes.<\/p>\n<p>A partir del jueves por la tarde, la CDC segu\u00eda colocando la tasa de admisiones hospitalarias por COVID del condado en la categor\u00eda &#8220;alta&#8221; de 11.5 por 100,000, dijo Ferrer, pero esa tasa solo tuvo en cuenta el n\u00famero de pacientes hasta el lunes. Sin embargo, el condado examin\u00f3 los n\u00fameros hasta el mi\u00e9rcoles, lo que situ\u00f3 la tasa en 9.7 por 100.000, suficiente para que el condado volviera al nivel de actividad del virus &#8220;medio&#8221;.<\/p>\n<p>Ferrer dijo que esa cifra es \u201cuna buena raz\u00f3n para no seguir adelante\u201d con un mandato de uso de m\u00e1scaras en interiores, aunque es probable que el condado permanezca oficialmente en la categor\u00eda \u201calta\u201d de los CDC durante al menos otra semana.<\/p>\n<p>A pesar de la decisi\u00f3n en contra de un mandato, todav\u00eda se requieren m\u00e1scaras en algunos espacios interiores: centros de atenci\u00f3n m\u00e9dica, centros de tr\u00e1nsito, veh\u00edculos de tr\u00e1nsito, aeropuertos, centros correccionales y refugios. Un mandato universal habr\u00eda extendido el requisito a todos los espacios p\u00fablicos interiores, incluidos los espacios de oficinas compartidos, las instalaciones de fabricaci\u00f3n, las tiendas minoristas, los eventos en interiores, los restaurantes y bares en interiores y las escuelas.<\/p>\n<p>Ferrer dijo el jueves que, a pesar de la decisi\u00f3n del condado en contra de un mandato obligatorio de uso de m\u00e1scaras, todav\u00eda se recomienda enf\u00e1ticamente cubrirse la cara en lugares m\u00e1s all\u00e1 de aquellos donde son obligatorios.<\/p>\n<p>\u201cAunque todav\u00eda estamos en este aumento, se recomienda encarecidamente el uso de m\u00e1scaras en interiores en cualquier otro lugar\u201d, dijo.<\/p>\n<p>La posibilidad de que se implemente un nuevo mandato de m\u00e1scara provoc\u00f3 mucho debate durante la semana pasada.<\/p>\n<p>El mi\u00e9rcoles, la ciudad de El Segundo anunci\u00f3 que no har\u00eda cumplir el mandato de uso de m\u00e1scaras del condado, lo que refleja una decisi\u00f3n tomada el lunes por la noche por la ciudad de Beverly Hills.<\/p>\n<p>Las ciudades de Long Beach y Pasadena, que operan sus propios departamentos de salud separados del condado, anunciaron el martes que no emitir\u00edan mandatos de m\u00e1scara, incluso si el condado lo hiciera.<\/p>\n<p>Tanto los funcionarios de Long Beach como los de Pasadena dijeron que continuar\u00edan monitoreando la situaci\u00f3n de COVID. Los funcionarios de Pasadena dijeron que \u201cconsiderar\u00edan las acciones de salud p\u00fablica apropiadas para proteger a nuestra comunidad a medida que cambie la situaci\u00f3n\u201d.<\/p>\n<p>La supervisora \u200b\u200b\u200b\u200bdel condado, Kathryn Barger, emiti\u00f3 un comunicado el lunes diciendo que no apoyar\u00e1 un nuevo mandato de m\u00e1scara. Dijo que est\u00e1 de acuerdo en que las m\u00e1scaras son una herramienta eficaz contra la propagaci\u00f3n del virus, pero no cree que imponer un mandato tenga el efecto deseado.<\/p>\n<p>\u201cMe opongo rotundamente a exigir el enmascaramiento, porque realmente creo que tendr\u00e1 el efecto contrario\u201d, dijo Barger durante la reuni\u00f3n de la junta del martes.<\/p>\n<p>La supervisora \u200b\u200bJanice Hahn se uni\u00f3 a Barger para oponerse a un posible mandato y dijo que teme que imponer tal regla ser\u00eda \u201cmuy divisivo para el condado de Los \u00c1ngeles\u201d.<\/p>\n<p>Ferrer dijo el jueves que los residentes no deben caer en la autocomplacencia en respuesta a la decisi\u00f3n del condado en contra de un mandato de m\u00e1scara. Reiter\u00f3 que la transmisi\u00f3n de COVID-19 sigue siendo alta en todo el condado, y que el virus sigue siendo una de las principales causas de muerte, matando a m\u00e1s personas en los primeros seis meses del a\u00f1o que las sobredosis de drogas, la gripe y los accidentes de tr\u00e1nsito combinados. Tambi\u00e9n se cree que la cantidad de casos anunciados por el condado cada d\u00eda es un recuento insuficiente, ya que muchas personas dependen de las pruebas en el hogar, cuyos resultados no siempre se informan a los funcionarios de salud.<\/p>\n<p>El condado report\u00f3 7,009 nuevos casos de COVID el jueves, elevando el total general de toda la pandemia a 3,286,471. Se informaron otras 18 muertes, lo que le da al condado un n\u00famero acumulado de muertes relacionadas con el virus de 32,691.<\/p>\n<p>Los 1.239 pacientes con COVID positivo en los hospitales del condado hasta el jueves se redujeron con respecto a los 1.280 del mi\u00e9rcoles. De esos pacientes, 147 estaban siendo tratados en cuidados intensivos, frente a los 137 del d\u00eda anterior.<\/p>\n<p>Tras el anuncio de Ferrer<\/p>\n<p>Despu\u00e9s de quitar de la mesa un mandato de uso de m\u00e1scaras, Barger emiti\u00f3 un comunicado elogiando la medida y diciendo que \u201clos mandatos que no se pueden hacer cumplir no funcionan\u201d.<\/p>\n<p>\u201cTengo la esperanza de que ahora podamos pasar de este mayor enfoque en los mandatos de enmascaramiento a lo que realmente importa: centrarnos en promover la eficacia de las vacunas y los refuerzos, mejorar el acceso a los tratamientos de COVID-19 y continuar educando a la poblaci\u00f3n de nuestro condado. residentes sobre los beneficios del uso de mascarillas\u201d, dijo Barger. \u201cMe siento c\u00f3modo dejando esta decisi\u00f3n en las muy capaces manos del p\u00fablico\u201d.<\/p>\n<p>La supervisora \u200b\u200bdel condado, Hilda Sol\u00eds, tambi\u00e9n emiti\u00f3 un comunicado diciendo que pensaba que era &#8220;prudente&#8221; que el condado detuviera un posible nuevo mandato de m\u00e1scara, aunque sigui\u00f3 instando a los &#8220;residentes vulnerables&#8221; a usar m\u00e1scara. Pero tambi\u00e9n tuvo duras palabras para las personas que arremetieron contra Ferrer y otros funcionarios de salud por la sugerencia de un nuevo mandato.<\/p>\n<p>\u201cNo hay lugar para la ret\u00f3rica de odio y las amenazas que se han dirigido a nuestros expertos en salud p\u00fablica que han dedicado todo su tiempo y energ\u00eda a mantener a los residentes de nuestro condado sanos y seguros\u201d, dijo Sol\u00eds. \u201cSi bien puede haber desacuerdos, debemos tratarnos unos a otros con dignidad y respeto, y pido como siempre que nuestros residentes contin\u00faen cuid\u00e1ndose unos a otros para mantener nuestras comunidades saludables y seguras\u201d.<\/p>\n<p>Ferrer se\u00f1al\u00f3 que si el condado ve otro aumento en los casos, la idea de un mandato de enmascaramiento a\u00fan estar\u00e1 sobre la mesa, aunque dijo que las estad\u00edsticas actuales indican que tal movimiento es poco probable.<\/p>\n","protected":false},"excerpt":{"rendered":"<p>Las ciudades de Long Beach y Pasadena, que operan sus propios departamentos de salud separados del condado, anunciaron el martes que no emitir\u00edan mandatos de m\u00e1scara, incluso si el condado lo hiciera.<\/p>\n","protected":false},"author":197,"featured_media":2219,"comment_status":"open","ping_status":"open","sticky":false,"template":"","format":"standard","meta":{"newspack_sponsor_sponsorship_scope":"","newspack_sponsor_native_byline_display":"inherit","newspack_sponsor_native_category_display":"inherit","newspack_sponsor_underwriter_style":"inherit","newspack_sponsor_underwriter_placement":"inherit","inline_featured_image":false,"newspack_ads_suppress_ads":false,"_":"","_author_alias":"","cap-aim":"","cap-description":"","cap-display_name":"","cap-first_name":"","cap-jabber":"","cap-last_name":"","cap-linked_account":"","cap-newspack_employer":"","cap-newspack_job_title":"","cap-newspack_phone_number":"","cap-newspack_role":"","cap-user_email":"","cap-user_login":"","cap-website":"","cap-yahooim":"","newspack_article_summary":"","newspack_email_html":"","newspack_email_type":"","newspack_featured_image_position":"","newspack_hide_page_title":"","newspack_hide_updated_date":false,"newspack_popups_has_disabled_popups":"","newspack_post_subtitle":"","newspack_show_share_buttons":"","newspack_sponsor_byline_prefix":"","newspack_sponsor_disclaimer_override":"","newspack_sponsor_flag_override":"","newspack_sponsor_only_direct":"","newspack_sponsor_url":"","newspack_article_summary_title":"Overview:","newspack_show_updated_date":false,"footnotes":""},"categories":[1],"tags":[44],"newspack_spnsrs_tax":[],"coauthors":[201],"class_list":["post-1205","post","type-post","status-publish","format-standard","has-post-thumbnail","hentry","category-uncategorized","tag-covid-19","entry"],"_links":{"self":[{"href":"https:\/\/lbpost.com\/espanol\/wp-json\/wp\/v2\/posts\/1205","targetHints":{"allow":["GET"]}}],"collection":[{"href":"https:\/\/lbpost.com\/espanol\/wp-json\/wp\/v2\/posts"}],"about":[{"href":"https:\/\/lbpost.com\/espanol\/wp-json\/wp\/v2\/types\/post"}],"author":[{"embeddable":true,"href":"https:\/\/lbpost.com\/espanol\/wp-json\/wp\/v2\/users\/197"}],"replies":[{"embeddable":true,"href":"https:\/\/lbpost.com\/espanol\/wp-json\/wp\/v2\/comments?post=1205"}],"version-history":[{"count":0,"href":"https:\/\/lbpost.com\/espanol\/wp-json\/wp\/v2\/posts\/1205\/revisions"}],"wp:featuredmedia":[{"embeddable":true,"href":"https:\/\/lbpost.com\/espanol\/wp-json\/wp\/v2\/media\/2219"}],"wp:attachment":[{"href":"https:\/\/lbpost.com\/espanol\/wp-json\/wp\/v2\/media?parent=1205"}],"wp:term":[{"taxonomy":"category","embeddable":true,"href":"https:\/\/lbpost.com\/espanol\/wp-json\/wp\/v2\/categories?post=1205"},{"taxonomy":"post_tag","embeddable":true,"href":"https:\/\/lbpost.com\/espanol\/wp-json\/wp\/v2\/tags?post=1205"},{"taxonomy":"newspack_spnsrs_tax","embeddable":true,"href":"https:\/\/lbpost.com\/espanol\/wp-json\/wp\/v2\/newspack_spnsrs_tax?post=1205"},{"taxonomy":"author","embeddable":true,"href":"https:\/\/lbpost.com\/espanol\/wp-json\/wp\/v2\/coauthors?post=1205"}],"curies":[{"name":"wp","href":"https:\/\/api.w.org\/{rel}","templated":true}]}}