{"id":138,"date":"2021-04-23T00:47:13","date_gmt":"2021-04-23T00:47:13","guid":{"rendered":"https:\/\/lbpost.com\/espanol\/?p=152"},"modified":"2021-04-23T01:21:04","modified_gmt":"2021-04-23T01:21:04","slug":"ninos-migrantes-centro-de-convenciones-de-long-beach-funcionarios-primera-vista-al-publico","status":"publish","type":"post","link":"https:\/\/lbpost.com\/espanol\/news\/ninos-migrantes-centro-de-convenciones-de-long-beach-funcionarios-primera-vista-al-publico","title":{"rendered":"Los ni\u00f1os migrantes llegan al Centro de Convenciones de Long Beach mientras los funcionarios les da una primera vista al p\u00fablico"},"content":{"rendered":"<p><a href=\"https:\/\/lbpost.com\/news\/migrant-kids-arrive-long-beach-convention-center-tour\"><i>Read this in English<\/i><\/a><\/p>\n<p>Los funcionarios de Long Beach y algunos l\u00edderes comunitarios vieron por primera vez un centro de detenci\u00f3n para ni\u00f1os migrantes dentro del Centro de Convenciones de Long Beach el jueves por la ma\u00f1ana, momentos antes de que los ni\u00f1os comenzaran a llegar all\u00ed desde la frontera entre los Estados Unidos y M\u00e9xico.<\/p>\n<p>El alcalde Robert Garc\u00eda, el Concejo Municipal y otros funcionarios electos recorrieron unas filas de camas, instalaciones m\u00e9dicas y \u00e1reas de recreaci\u00f3n donde los ni\u00f1os se quedar\u00e1n hasta que el Departamento de Salud y Servicios Humanos federal pueda colocarlos con los patrocinadores o las familiares en los EE. UU.<\/p>\n<p>Los primeros ni\u00f1os llegaron poco despu\u00e9s del recorrido y una conferencia de prensa programada donde los funcionarios dijeron que se espera que el sitio albergue hasta 1,000 ni\u00f1os hasta que cierre en agosto. Se esperaba que llegaran hasta 150 ni\u00f1os el jueves.<\/p>\n<p>Los ni\u00f1os, en su mayor\u00eda ni\u00f1as de 17 a\u00f1os o menos, llegar\u00e1n en grupos cada dos d\u00edas, seg\u00fan el Departamento de Salud y Servicios Humanos, que opera el sitio. Algunos ni\u00f1os varones, menores de 12 a\u00f1os, tambi\u00e9n pueden estar alojados all\u00ed, seg\u00fan un comunicado del departamento.<\/p>\n<figure id=\"attachment_10000042878\" aria-describedby=\"caption-attachment-10000042878\" style=\"width: 2560px\" class=\"wp-caption alignnone\"><img loading=\"lazy\" decoding=\"async\" class=\"size-full wp-image-10000042878\" src=\"https:\/\/img.lbpost.com\/wp-content\/uploads\/2021\/04\/22114452\/LPT-L-MIGRANT-FINAL-0423-14-BM-scaled.jpg\" alt=\"\" width=\"2560\" height=\"1658\" \/><figcaption id=\"caption-attachment-10000042878\" class=\"wp-caption-text\">The sleeping area set up inside Exhibit Hall B of the Long Beach Convention Center where migrant children found at the border without a parent will be temporarily housed. The beds are in pods of 30. \/ El \u00e1rea para dormir est\u00e1 establecida dentro del Sal\u00f3n de Exhibiciones B del Centro de Convenciones de Long Beach, donde los ni\u00f1os migrantes encontrados en la frontera sin un padre ser\u00e1n alojados temporalmente. Las camas est\u00e1n en grupos de 30. Photo by \/ Foto por Brittany Murray, Press-Telegram\/SCNG<\/figcaption><\/figure>\n<p>La instalaci\u00f3n estuvo disponible despu\u00e9s de que la Casa Blanca solicit\u00f3 ayuda a la oficina de Garc\u00eda y el Concejo Municipal vot\u00f3 a principios de abril para permitir que avanzaran las negociaciones de arrendamiento con el gobierno federal.<\/p>\n<p>Tres fuentes con conocimiento de las negociaciones del contrato entre el gobierno federal y la administraci\u00f3n del Centro de Convenciones dijeron que los federales est\u00e1n pagando entre $170,000 y $200,000 por d\u00eda para usar el espacio. Ese precio no incluye otros gastos del gobierno federal como la atenci\u00f3n m\u00e9dica para los ni\u00f1os.<\/p>\n<p>En una conferencia de prensa posterior al recorrido, Garc\u00eda dijo que el objetivo es que estos ni\u00f1os se re\u00fanan con sus familiares o patrocinadores en los Estados Unidos entre siete a 10 d\u00edas, pero reconoci\u00f3 que algunos ni\u00f1os que llegan no tienen familiares identificados con los que se puedan reunir y algunos ni\u00f1os pueden tardar m\u00e1s en pasar por el sitio.<\/p>\n<p>Sin embargo, Garc\u00eda dijo que los ni\u00f1os vienen directamente de la frontera y frecuentemente se encuentran sin adultos y, hasta ahora, los hab\u00edan mantenido en los centros de detenci\u00f3n, los cuales son menos humanos que el que se abre en Long Beach.<\/p>\n<p>\u201cEstos son algunos de los ni\u00f1os m\u00e1s vulnerables\u201d, dijo en ingl\u00e9s el congresista de Long Beach, Alan Lowenthal, durante la conferencia de prensa. &#8220;Estos son los que lograron superar una situaci\u00f3n horrible para llegar a los Estados Unidos&#8221;.<\/p>\n<p>Garc\u00eda, quien emigr\u00f3 a los Estados Unidos desde Per\u00fa cuando era ni\u00f1o, dijo que estar en las instalaciones fue muy emotivo para \u00e9l.<\/p>\n<figure id=\"attachment_10000042859\" aria-describedby=\"caption-attachment-10000042859\" style=\"width: 1486px\" class=\"wp-caption alignnone\"><img loading=\"lazy\" decoding=\"async\" class=\"size-full wp-image-10000042859\" src=\"https:\/\/img.lbpost.com\/wp-content\/uploads\/2021\/04\/22102444\/1356C5C8-2C49-415A-93D7-A1029EA8C127.jpeg\" alt=\"\" width=\"1486\" height=\"848\" \/><figcaption id=\"caption-attachment-10000042859\" class=\"wp-caption-text\">Mayor Robert Garcia speaking after a tour of the Long Beach Convention Center. \/ El alcalde Robert Garc\u00eda habla despu\u00e9s de un recorrido por el Centro de Convenciones de Long Beach. Photo by \/ Foto por Thomas R. Cordova.<\/figcaption><\/figure>\n<p>&#8220;Es muy personal para m\u00ed que cada ni\u00f1o sea bienvenido y estoy muy agradecido de que cuando llegu\u00e9 con mi familia hubo estadounidenses y personas que nos dieron la bienvenida que nos mostraron amabilidad y amor y, finalmente, nos guiaron a trav\u00e9s de un proceso muy complejo para convertirnos en ciudadanos&#8221;, Garc\u00eda dijo. \u201cMe rompe el coraz\u00f3n que tengamos un sistema hoy en d\u00eda en el que los ni\u00f1os no puedan recibir el mismo tipo de oportunidad que yo recib\u00ed cuando pas\u00e9 por el sistema de inmigraci\u00f3n\u201d.<\/p>\n<p>En un comunicado, el secretario del Departamento de Salud y Servicios Humanos, Xavier Becerra, agradeci\u00f3 a la ciudad por aceptar permitir que su departamento use las instalaciones mientras el gobierno trabaja para aumentar su propio espacio para camas, por lo que ya no requerir\u00e1 sitios como los centros de convenciones en Long Beach, Dallas y San Diego que se han utilizado para aliviar la mucha gente detenidos en las instalaciones fronterizas.<\/p>\n<figure id=\"attachment_10000042910\" aria-describedby=\"caption-attachment-10000042910\" style=\"width: 1192px\" class=\"wp-caption alignnone\"><img loading=\"lazy\" decoding=\"async\" class=\"size-full wp-image-10000042910\" src=\"https:\/\/img.lbpost.com\/wp-content\/uploads\/2021\/04\/22151653\/56315403-1654-435B-94AA-5375B6A51F6C.jpeg\" alt=\"\" width=\"1192\" height=\"762\" \/><figcaption id=\"caption-attachment-10000042910\" class=\"wp-caption-text\">A Homeland Security vehicle leaves through a gate at the Long Beach Convention Center, which is now housing migrant children, April 22, 2021. \/ Un veh\u00edculo de Seguridad Nacional sale por una puerta en el Centro de Convenciones de Long Beach, que ahora alberga a ni\u00f1os migrantes, 22 de abril de 2021. Photo by \/ Foto por Thomas R. Cordova.<\/figcaption><\/figure>\n<p>Un n\u00famero r\u00e9cord de ni\u00f1os no acompa\u00f1ados ha llegado recientemente a la frontera, muchos de los cuales huyen de las pandillas y de la pobreza en Centroam\u00e9rica. Eso, combinado con la pandemia, ha dejado a los funcionarios federales luchando por el espacio.<\/p>\n<p>Se espera que el sitio de Long Beach no albergue a m\u00e1s de 1,000 ni\u00f1os en cualquier momento y Garc\u00eda prometi\u00f3 a principios de este mes que una fecha l\u00edmite llegar\u00eda a principios de agosto. El Centro de Convenciones de Long Beach ya ha anunciado planes para seguir adelante con los eventos programados, con el primero siendo programado para el 8 de agosto.<\/p>\n<p>Solamente se permiti\u00f3 un n\u00famero selecto de periodistas dentro del sitio para el recorrido, pero se podr\u00eda otorgar m\u00e1s acceso una vez que el sitio est\u00e9 en funcionamiento, seg\u00fan un funcionario federal.<\/p>\n<figure id=\"attachment_10000042882\" aria-describedby=\"caption-attachment-10000042882\" style=\"width: 2560px\" class=\"wp-caption alignnone\"><img loading=\"lazy\" decoding=\"async\" class=\"size-full wp-image-10000042882\" src=\"https:\/\/img.lbpost.com\/wp-content\/uploads\/2021\/04\/22114523\/LPT-L-MIGRANT-FINAL-0423-18-BM-scaled.jpg\" alt=\"\" width=\"2560\" height=\"1707\" \/><figcaption id=\"caption-attachment-10000042882\" class=\"wp-caption-text\">Mayor Robert Garcia speaking to officials in the recreation area that children will have access to in the Convention Center. There is an in indoor and outdoor recreation area at this site. \/ El alcalde Robert Garc\u00eda hablando con los funcionarios en el \u00e1rea de recreaci\u00f3n a la que tendr\u00e1n acceso los ni\u00f1os en el Centro de Convenciones. Hay un \u00e1rea de recreaci\u00f3n interior y exterior en este sitio. Photo by \/ Foto por Brittany Murray, Press-Telegram\/SCNG.<\/figcaption><\/figure>\n<p>Aquellos que vieron el interior de la instalaci\u00f3n dijeron que estaba calientito y que tuvo una bienvenida con juguetes, decoraciones y un ambiente hogare\u00f1o. Tambi\u00e9n hay un local de servicios gratuitos donde los ni\u00f1os pueden escoger su propia ropa y otras cosas mientras mantienen algo de autonom\u00eda.<\/p>\n<p>\u201cSe me llenaron los ojos de l\u00e1grimas\u201d, dijo en ingl\u00e9s la concejala Stacy Mungo Flanigan, quien describi\u00f3 haber visto un \u00e1rea acogedora llena de peluches, mochilas, un \u00e1rea de pel\u00edculas, libros y plantas por todas partes.<\/p>\n<p>Mungo Flanigan dijo que a diferencia de otras instalaciones como el cavernoso e incoloro sitio del Centro de Convenciones de San Diego, que es en gran parte una habitaci\u00f3n vac\u00eda con camas, el sitio de Long Beach est\u00e1 dividido en habitaciones m\u00e1s peque\u00f1as que se sienten m\u00e1s como un hogar.<\/p>\n<p>La concejala Cindy Allen, quien representa el \u00e1rea que incluye el Centro de Convenciones, dijo que los funcionarios de Salud y Servicios Humanos hab\u00edan elogiado el sitio de Long Beach como uno de los mejores de los 13 que est\u00e1 operando.<\/p>\n<p>&#8220;No esperaba sentir ese c\u00e1lido y bienvenida cuando entr\u00e9&#8221;, dijo Allen en ingl\u00e9s. &#8220;Realmente se nota que est\u00e1 dise\u00f1ado para ni\u00f1os peque\u00f1os&#8221;.<\/p>\n<figure id=\"attachment_10000042876\" aria-describedby=\"caption-attachment-10000042876\" style=\"width: 2560px\" class=\"wp-caption alignnone\"><img loading=\"lazy\" decoding=\"async\" class=\"size-full wp-image-10000042876\" src=\"https:\/\/img.lbpost.com\/wp-content\/uploads\/2021\/04\/22114438\/LPT-L-MIGRANT-FINAL-0423-12-BM-scaled.jpg\" alt=\"\" width=\"2560\" height=\"1707\" \/><figcaption id=\"caption-attachment-10000042876\" class=\"wp-caption-text\">The sleeping area set up inside Exhibit Hall B of the Long Beach Convention. \/ El \u00e1rea para dormir se instal\u00f3 dentro del Sal\u00f3n de Exhibiciones B de la Convenci\u00f3n de Long Beach. Photo by \/ Foto por Brittany Murray, Press-Telegram\/SCNG.<\/figcaption><\/figure>\n<p>Los activistas por los derechos de los inmigrantes, sin embargo, han expresado reacciones encontradas sobre el voluntariado de Long Beach en el Centro de Convenciones.<\/p>\n<p>Jessica Quintana, directora ejecutiva de Centro CHA, dijo que la instalaci\u00f3n es hermosa. \u201cLos ni\u00f1os se sentir\u00e1n muy c\u00f3modos aqu\u00ed\u201d, dijo. &#8220;&#8230; Se les brindar\u00e1 la mejor calidad de atenci\u00f3n&#8221;.<\/p>\n<p>Pero el sitio fue vandalizado a principios de este mes por personas que protestaban por su uso como instalaci\u00f3n para migrantes. Pintaron lemas como &#8220;no hay ni\u00f1os en jaulas&#8221;.<\/p>\n<figure id=\"attachment_10000042214\" aria-describedby=\"caption-attachment-10000042214\" style=\"width: 2560px\" class=\"wp-caption alignnone\"><img loading=\"lazy\" decoding=\"async\" class=\"size-full wp-image-10000042214\" src=\"https:\/\/img.lbpost.com\/wp-content\/uploads\/2021\/04\/12101128\/POWERWASH_2708-scaled.jpg\" alt=\"\" width=\"2560\" height=\"1448\" \/><figcaption id=\"caption-attachment-10000042214\" class=\"wp-caption-text\">What appears to be red paint on the stairs leading up to the Convention Center Monday, April 12, 2021. \/ Lo que parece ser pintura roja en las escaleras que conducen al Centro de Convenciones lunes el 12 de abril de 2021. Photo by \/ Foto por Brandon Richardson.<\/figcaption><\/figure>\n<p>Y en los comentarios de la transmisi\u00f3n en vivo de la ciudad de la conferencia de prensa en Facebook, la Coalici\u00f3n de Derechos de los Inmigrantes de Long Beach escribi\u00f3 que la ciudad &#8220;NO deber\u00eda promover esta instalaci\u00f3n como un modelo replicable&#8221;.<\/p>\n<p>Pidieron a los funcionarios que, en cambio, combatan &#8220;esta nueva norma&#8221; que encarcela a los ni\u00f1os.<\/p>\n<p>En sus comentarios despu\u00e9s de la gira, Lowenthal dijo que el sistema de inmigraci\u00f3n de Estados Unidos se ha roto durante d\u00e9cadas.<\/p>\n<p>&#8220;La ciudad no cre\u00f3 esto&#8221;, dijo. &#8220;Lo que la ciudad puede hacer es asegurarse de que los ni\u00f1os que est\u00e1n atrapados en este sistema roto, que podamos brindarles los servicios que necesitan&#8221;.<\/p>\n<figure id=\"attachment_10000042885\" aria-describedby=\"caption-attachment-10000042885\" style=\"width: 2560px\" class=\"wp-caption alignnone\"><img loading=\"lazy\" decoding=\"async\" class=\"size-full wp-image-10000042885\" src=\"https:\/\/img.lbpost.com\/wp-content\/uploads\/2021\/04\/22114546\/LPT-L-MIGRANT-FINAL-0423-21-BM-scaled.jpg\" alt=\"\" width=\"2560\" height=\"1873\" \/><figcaption id=\"caption-attachment-10000042885\" class=\"wp-caption-text\">Some of the recreation items that children will have access to in the Convention Center. \/ Algunos de los elementos recreativos a los que los ni\u00f1os tendr\u00e1n acceso en el Centro de Convenciones. Photo by \/ Foto por Brittany Murray, Press-Telegram\/SCNG.<\/figcaption><\/figure>\n<figure id=\"attachment_10000042883\" aria-describedby=\"caption-attachment-10000042883\" style=\"width: 2560px\" class=\"wp-caption alignnone\"><img loading=\"lazy\" decoding=\"async\" class=\"size-full wp-image-10000042883\" src=\"https:\/\/img.lbpost.com\/wp-content\/uploads\/2021\/04\/22114531\/LPT-L-MIGRANT-FINAL-0423-19-BM-scaled.jpg\" alt=\"\" width=\"2560\" height=\"1409\" \/><figcaption id=\"caption-attachment-10000042883\" class=\"wp-caption-text\">Mayor Robert Garcia speaking to officials in the recreation area. \/ El alcalde Robert Garc\u00eda habla con los funcionarios en el \u00e1rea de recreaci\u00f3n. Photo by \/ Foto por Brittany Murray, Press-Telegram\/SCNG.<\/figcaption><\/figure>\n<figure id=\"attachment_10000042886\" aria-describedby=\"caption-attachment-10000042886\" style=\"width: 2560px\" class=\"wp-caption alignnone\"><img loading=\"lazy\" decoding=\"async\" class=\"size-full wp-image-10000042886\" src=\"https:\/\/img.lbpost.com\/wp-content\/uploads\/2021\/04\/22114555\/LPT-L-MIGRANT-FINAL-0423-22-BM-scaled.jpg\" alt=\"\" width=\"2560\" height=\"1665\" \/><figcaption id=\"caption-attachment-10000042886\" class=\"wp-caption-text\">Bonnie Preston, acting regional director for Health and Human Services region 9 speaking to city officials during the tour of the Long Beach Convention Center. \/ Bonnie Preston, la directora regional interina para la regi\u00f3n 9 de Salud y Servicios Humanos, habla con funcionarios de la ciudad durante el recorrido por el Centro de Convenciones de Long Beach. Photo by \/ Foto de Brittany Murray, Press-Telegram\/SCNG.<\/figcaption><\/figure>\n<figure id=\"attachment_10000042874\" aria-describedby=\"caption-attachment-10000042874\" style=\"width: 2560px\" class=\"wp-caption alignnone\"><img loading=\"lazy\" decoding=\"async\" class=\"size-full wp-image-10000042874\" src=\"https:\/\/img.lbpost.com\/wp-content\/uploads\/2021\/04\/22113803\/LPT-L-MIGRANT-FINAL-0423-10-BM-scaled.jpg\" alt=\"\" width=\"2560\" height=\"1707\" \/><figcaption id=\"caption-attachment-10000042874\" class=\"wp-caption-text\">The area set up inside Exhibit Hall B of the Long Beach Convention Center. \/ La configuraci\u00f3n del \u00e1rea dentro del Sal\u00f3n de Exposiciones B del Centro de Convenciones de Long Beach. Photo by \/ Foto de Brittany Murray, Press-Telegram\/SCNG.<\/figcaption><\/figure>\n<p><i>Traducido por Crystal Niebla<\/i><\/p>\n<p>&nbsp;<\/p>\n","protected":false},"excerpt":{"rendered":"<p>Los primeros ni\u00f1os llegaron poco despu\u00e9s del recorrido y una conferencia de prensa programada donde los funcionarios dijeron que se espera que el sitio albergue hasta 1,000 ni\u00f1os hasta que cierre en agosto.<\/p>\n","protected":false},"author":76,"featured_media":2112,"comment_status":"closed","ping_status":"open","sticky":false,"template":"","format":"standard","meta":{"newspack_sponsor_sponsorship_scope":"","newspack_sponsor_native_byline_display":"inherit","newspack_sponsor_native_category_display":"inherit","newspack_sponsor_underwriter_style":"inherit","newspack_sponsor_underwriter_placement":"inherit","inline_featured_image":false,"newspack_ads_suppress_ads":false,"_":"","_author_alias":"","cap-aim":"","cap-description":"","cap-display_name":"","cap-first_name":"","cap-jabber":"","cap-last_name":"","cap-linked_account":"","cap-newspack_employer":"","cap-newspack_job_title":"","cap-newspack_phone_number":"","cap-newspack_role":"","cap-user_email":"","cap-user_login":"","cap-website":"","cap-yahooim":"","newspack_article_summary":"","newspack_email_html":"","newspack_email_type":"","newspack_featured_image_position":"","newspack_hide_page_title":"","newspack_hide_updated_date":false,"newspack_popups_has_disabled_popups":"","newspack_post_subtitle":"","newspack_show_share_buttons":"","newspack_sponsor_byline_prefix":"","newspack_sponsor_disclaimer_override":"","newspack_sponsor_flag_override":"","newspack_sponsor_only_direct":"","newspack_sponsor_url":"","newspack_article_summary_title":"Overview:","newspack_show_updated_date":false,"footnotes":""},"categories":[4],"tags":[5,51],"newspack_spnsrs_tax":[],"coauthors":[23],"class_list":["post-138","post","type-post","status-publish","format-standard","has-post-thumbnail","hentry","category-news","tag-_spanish","tag-inmigracion","entry"],"_links":{"self":[{"href":"https:\/\/lbpost.com\/espanol\/wp-json\/wp\/v2\/posts\/138","targetHints":{"allow":["GET"]}}],"collection":[{"href":"https:\/\/lbpost.com\/espanol\/wp-json\/wp\/v2\/posts"}],"about":[{"href":"https:\/\/lbpost.com\/espanol\/wp-json\/wp\/v2\/types\/post"}],"author":[{"embeddable":true,"href":"https:\/\/lbpost.com\/espanol\/wp-json\/wp\/v2\/users\/76"}],"replies":[{"embeddable":true,"href":"https:\/\/lbpost.com\/espanol\/wp-json\/wp\/v2\/comments?post=138"}],"version-history":[{"count":1,"href":"https:\/\/lbpost.com\/espanol\/wp-json\/wp\/v2\/posts\/138\/revisions"}],"predecessor-version":[{"id":128,"href":"https:\/\/lbpost.com\/espanol\/wp-json\/wp\/v2\/posts\/138\/revisions\/128"}],"wp:featuredmedia":[{"embeddable":true,"href":"https:\/\/lbpost.com\/espanol\/wp-json\/wp\/v2\/media\/2112"}],"wp:attachment":[{"href":"https:\/\/lbpost.com\/espanol\/wp-json\/wp\/v2\/media?parent=138"}],"wp:term":[{"taxonomy":"category","embeddable":true,"href":"https:\/\/lbpost.com\/espanol\/wp-json\/wp\/v2\/categories?post=138"},{"taxonomy":"post_tag","embeddable":true,"href":"https:\/\/lbpost.com\/espanol\/wp-json\/wp\/v2\/tags?post=138"},{"taxonomy":"newspack_spnsrs_tax","embeddable":true,"href":"https:\/\/lbpost.com\/espanol\/wp-json\/wp\/v2\/newspack_spnsrs_tax?post=138"},{"taxonomy":"author","embeddable":true,"href":"https:\/\/lbpost.com\/espanol\/wp-json\/wp\/v2\/coauthors?post=138"}],"curies":[{"name":"wp","href":"https:\/\/api.w.org\/{rel}","templated":true}]}}