{"id":171,"date":"2021-05-07T17:44:13","date_gmt":"2021-05-07T17:44:13","guid":{"rendered":"https:\/\/lbpost.com\/espanol\/?p=199"},"modified":"2021-05-07T17:45:31","modified_gmt":"2021-05-07T17:45:31","slug":"20-ninos-migrantes-del-centro-de-convenciones-se-han-reunido-con-sus-familias-dicen-las-autoridades","status":"publish","type":"post","link":"https:\/\/lbpost.com\/espanol\/news\/20-ninos-migrantes-del-centro-de-convenciones-se-han-reunido-con-sus-familias-dicen-las-autoridades","title":{"rendered":"20 ni\u00f1os migrantes del Centro de Convenciones se han reunido con sus familias, dicen las autoridades"},"content":{"rendered":"<p><em><a href=\"https:\/\/lbpost.com\/news\/20-children-from-convention-center-shelter-have-been-reunited-with-family-so-far-officials-say\">Read this story in English<\/a><\/em><\/p>\n<p>Hasta el momento, 20 de los cientos de ni\u00f1os migrantes en el Centro de Convenciones de Long Beach se han reunido con sus familias, dijeron funcionarios federales y locales despu\u00e9s de que les dieran un recorrido privado por las instalaciones el jueves por la tarde.<\/p>\n<p>Despu\u00e9s del recorrido privado, la congresista Nanette Barrag\u00e1n, el alcalde de Long Beach Robert Garc\u00eda y la supervisora \u200b\u200bdel condado de Los \u00c1ngeles Holly Mitchell, respondieron preguntas de los miembros de los medios en los escalones del Centro de Convenciones.<\/p>\n<p>Los pol\u00edticos dijeron que se espera que 40 ni\u00f1os migrantes m\u00e1s abandonen las instalaciones y se re\u00fanan con sus familias para este fin de semana, y para la pr\u00f3xima semana, la meta ser\u00eda aumentar ese n\u00famero a 100. Las reunificaciones se est\u00e1n llevando a cabo en estados de todo el pa\u00eds.<\/p>\n<p>\u201cEste es un progreso en el que debemos seguir trabajando\u201d, dijo Barrag\u00e1n. La congresista representa al Distrito 44 que incluye el norte de Long Beach. Tambi\u00e9n preside el Subcomit\u00e9 de Seguridad Fronteriza Nacional de la C\u00e1mara de Representantes de los Estados Unidos. Ella estaba realizando varias visitas de supervisi\u00f3n esta semana en centros de detenci\u00f3n y refugios de emergencia en California y Texas y paso a ver el Centro de Convenciones en el centro de la ciudad, que se convirti\u00f3 en un refugio temporal el mes pasado.<\/p>\n<p>Hasta el jueves, el centro albergaba a 729 ni\u00f1os.<\/p>\n<p>El gobierno federal recurri\u00f3 a Long Beach para albergar un refugio de emergencia despu\u00e9s de que un n\u00famero r\u00e9cord de ni\u00f1os no acompa\u00f1ados comenzara a llegar a lo largo de la frontera entre Estados Unidos y M\u00e9xico.<\/p>\n<p>Garc\u00eda y Mitchell acompa\u00f1aron a la congresista en el recorrido, donde pudieron ver las instalaciones de primera mano, hablar con el personal administrativo del centro y hablar directamente con algunos de los ni\u00f1os.<\/p>\n<p>Dijeron que hablaron con dos ni\u00f1as, de 5 y 15 a\u00f1os, que se alojaban en las instalaciones. Un ni\u00f1o que vino de Honduras les dijo a los funcionarios que hab\u00eda salido de Honduras por <a href=\"https:\/\/lbpost.com\/news\/ninos-migrantes-llegaran-pronto-a-long-beach-de-que-estan-huyendo-aqui-esta-el-viaje-de-un-adolescente\">temor a las bandas de maras<\/a> que a menudo reclutan a hombres j\u00f3venes. El dijo que su madre y su padre todav\u00eda estaban all\u00ed.<\/p>\n<p>\u201cHan pasado por mucho\u201d, dijo Barr\u00e1gan.<\/p>\n<p>Garc\u00eda dijo que el interior de la instalaci\u00f3n era similar a una escuela con ni\u00f1os leyendo y jugando. Tan pronto como llegan, a los ni\u00f1os se les asigna un asistente social que trabaja para comunicarse con la familia o el patrocinador del ni\u00f1o que vive en el pa\u00eds.<\/p>\n<p>La instalaci\u00f3n ha recibido cr\u00edticas de algunos activistas que citaron testimonios de condiciones inhumanas en otros centros de detenci\u00f3n de migrantes de EE. UU. como motivos de preocupaci\u00f3n.<\/p>\n<p>No se ha permitido que miembros de los medios de comunicaci\u00f3n ingresen al refugio mientras est\u00e1 en funcionamiento.<\/p>\n<p>Hasta ahora, 55 ni\u00f1os hab\u00edan dado positivo por COVID-19, seis m\u00e1s de lo que se inform\u00f3 el mi\u00e9rcoles, en el refugio. Aquellos que dieron positivo fueron aislados de los dem\u00e1s, pero hermanos permanecieron juntos.<\/p>\n<p>Durante la conferencia de prensa, Garc\u00eda dijo que solo un ni\u00f1o hab\u00eda mostrado s\u00edntomas del virus pero no necesitaba atenci\u00f3n m\u00e9dica m\u00e1s all\u00e1 de la que se le brind\u00f3 en el centro. Los ni\u00f1os estaban recibiendo atenci\u00f3n m\u00e9dica de equipos m\u00e9dicos internos, pero en un caso, un ni\u00f1o tuvo que ser tratado fuera del refugio por toser sangre, dijo Barr\u00e1gan. El ni\u00f1o ha regresado al refugio, pero no se proporcionaron m\u00e1s detalles sobre su estado.<\/p>\n<p>Los funcionarios federales han dicho que el objetivo es alojar a los ni\u00f1os en el refugio no m\u00e1s de siete a 10 d\u00edas antes de que se re\u00fanan con su familia o un patrocinador. Algunos de los ni\u00f1os dijeron que ten\u00edan familiares en Nueva York y Connecticut. El refugio continuar\u00e1 acogiendo a ni\u00f1os migrantes hasta el 2 de agosto, dijo Garc\u00eda.<\/p>\n","protected":false},"excerpt":{"rendered":"<p>Hasta el jueves, el centro albergaba a 729 ni\u00f1os.<\/p>\n","protected":false},"author":272,"featured_media":2119,"comment_status":"closed","ping_status":"open","sticky":false,"template":"","format":"standard","meta":{"newspack_sponsor_sponsorship_scope":"","newspack_sponsor_native_byline_display":"inherit","newspack_sponsor_native_category_display":"inherit","newspack_sponsor_underwriter_style":"inherit","newspack_sponsor_underwriter_placement":"inherit","inline_featured_image":false,"newspack_ads_suppress_ads":false,"_":"","_author_alias":"","cap-aim":"","cap-description":"","cap-display_name":"","cap-first_name":"","cap-jabber":"","cap-last_name":"","cap-linked_account":"","cap-newspack_employer":"","cap-newspack_job_title":"","cap-newspack_phone_number":"","cap-newspack_role":"","cap-user_email":"","cap-user_login":"","cap-website":"","cap-yahooim":"","newspack_article_summary":"","newspack_email_html":"","newspack_email_type":"","newspack_featured_image_position":"","newspack_hide_page_title":"","newspack_hide_updated_date":false,"newspack_popups_has_disabled_popups":"","newspack_post_subtitle":"","newspack_show_share_buttons":"","newspack_sponsor_byline_prefix":"","newspack_sponsor_disclaimer_override":"","newspack_sponsor_flag_override":"","newspack_sponsor_only_direct":"","newspack_sponsor_url":"","newspack_article_summary_title":"Overview:","newspack_show_updated_date":false,"footnotes":""},"categories":[20,4],"tags":[5,51],"newspack_spnsrs_tax":[],"coauthors":[13],"class_list":["post-171","post","type-post","status-publish","format-standard","has-post-thumbnail","hentry","category-immigration","category-news","tag-_spanish","tag-inmigracion","entry"],"_links":{"self":[{"href":"https:\/\/lbpost.com\/espanol\/wp-json\/wp\/v2\/posts\/171","targetHints":{"allow":["GET"]}}],"collection":[{"href":"https:\/\/lbpost.com\/espanol\/wp-json\/wp\/v2\/posts"}],"about":[{"href":"https:\/\/lbpost.com\/espanol\/wp-json\/wp\/v2\/types\/post"}],"author":[{"embeddable":true,"href":"https:\/\/lbpost.com\/espanol\/wp-json\/wp\/v2\/users\/272"}],"replies":[{"embeddable":true,"href":"https:\/\/lbpost.com\/espanol\/wp-json\/wp\/v2\/comments?post=171"}],"version-history":[{"count":0,"href":"https:\/\/lbpost.com\/espanol\/wp-json\/wp\/v2\/posts\/171\/revisions"}],"wp:featuredmedia":[{"embeddable":true,"href":"https:\/\/lbpost.com\/espanol\/wp-json\/wp\/v2\/media\/2119"}],"wp:attachment":[{"href":"https:\/\/lbpost.com\/espanol\/wp-json\/wp\/v2\/media?parent=171"}],"wp:term":[{"taxonomy":"category","embeddable":true,"href":"https:\/\/lbpost.com\/espanol\/wp-json\/wp\/v2\/categories?post=171"},{"taxonomy":"post_tag","embeddable":true,"href":"https:\/\/lbpost.com\/espanol\/wp-json\/wp\/v2\/tags?post=171"},{"taxonomy":"newspack_spnsrs_tax","embeddable":true,"href":"https:\/\/lbpost.com\/espanol\/wp-json\/wp\/v2\/newspack_spnsrs_tax?post=171"},{"taxonomy":"author","embeddable":true,"href":"https:\/\/lbpost.com\/espanol\/wp-json\/wp\/v2\/coauthors?post=171"}],"curies":[{"name":"wp","href":"https:\/\/api.w.org\/{rel}","templated":true}]}}