{"id":845,"date":"2022-02-16T16:06:25","date_gmt":"2022-02-17T00:06:25","guid":{"rendered":"https:\/\/lbpost.com\/espanol\/?p=1003"},"modified":"2022-02-16T16:07:33","modified_gmt":"2022-02-17T00:07:33","slug":"newsom-nomina-a-la-primera-latina-a-la-corte-suprema-de-california","status":"publish","type":"post","link":"https:\/\/lbpost.com\/espanol\/news\/newsom-nomina-a-la-primera-latina-a-la-corte-suprema-de-california","title":{"rendered":"Newsom nomina a la primera latina a la Corte Suprema de California"},"content":{"rendered":"<p><em>Read this article in\u00a0<\/em><a href=\"https:\/\/calmatters.org\/justice\/2022\/02\/california-supreme-court-first-latina-nominee\/\"><em>English<\/em><\/a><em>.\u00a0\u00a0\u00a0<\/em><\/p>\n<p><strong>Por Byrhonda Lyons para CalMatters<\/strong><\/p>\n<p>El gobernador Gavin Newsom nomin\u00f3 hoy a la Corte Suprema del estado a\u00a0<a href=\"https:\/\/www.courts.ca.gov\/38044.htm\">Patricia Guerrero<\/a>, una jueza de la Corte de Apelaciones de San Diego que, de ser confirmada, ser\u00eda la primera latina en servir en la corte m\u00e1s alta de California.<\/p>\n<p>Los colegas han elogiado a Guerrero por su dedicaci\u00f3n en el trabajo, tanto que una vez termin\u00f3 un informe de audiencia penal mientras estaba en proceso de parto y camino al hospital.<\/p>\n<p>\u201cMe siento profundamente honrado por esta incre\u00edble oportunidad de defender el estado de derecho y tener un impacto positivo en la vida de los californianos en todo el estado\u201d, dijo el juez Guerrero en un comunicado de prensa. \u201cSi se confirma, espero ayudar a infundir confianza en la igualdad y la integridad de nuestro sistema judicial mientras honro los sacrificios de mis padres inmigrantes y les demuestro a los j\u00f3venes que todo es posible en nuestro maravilloso y diverso pa\u00eds\u201d.<\/p>\n<p>Guerrero, originaria del Valle Imperial, se gradu\u00f3 de la Universidad de California, Berkeley y de la Facultad de Derecho de Stanford antes de comenzar su carrera legal. Se desempe\u00f1\u00f3 como abogada en la Oficina del Fiscal Federal y como socia de un bufete de abogados antes de ser nombrada miembro del Tribunal Superior de San Diego en 2013.<\/p>\n<p>La jueza Guerrero se ha desempe\u00f1ado en el\u00a0<a href=\"https:\/\/www.courts.ca.gov\/4dca.htm\">Tribunal de Apelaciones del Cuarto Distrito<\/a>\u00a0desde 2017. En su audiencia de confirmaci\u00f3n ese a\u00f1o,\u00a0<a href=\"https:\/\/youtu.be\/UFay0T6wscs?t=658\">el excolega Robert Howard<\/a>\u00a0record\u00f3 c\u00f3mo Guerrero termin\u00f3 un escrito en camino a dar a luz a su hijo y lo present\u00f3 horas despu\u00e9s.<\/p>\n<p>Al nominarse hoy para el tribunal superior, Newsom dijo que su \u201camplia experiencia, integridad, profundo respeto por el estado de derecho y compromiso de por vida con el servicio p\u00fablico la determinar\u00e1 en una candidata fenomenal para servir como nuestra pr\u00f3xima jueza de la Corte Suprema de California\u201d.<\/p>\n<p>Los jueces de la Corte Suprema del estado son nominados por el gobernador y luego deben ser confirmados por la Comisi\u00f3n de Nombramientos Judiciales, que consta del presidente del Tribunal Supremo de California, el fiscal general del estado y el presidente del Tribunal de Apelaciones.<\/p>\n<p>Guerrero reemplazar\u00eda al ex juez Mariano-Florentino Cu\u00e9llar, quien renunci\u00f3 para dirigir Carnegie Endowment for International Peace. La renuncia de Cu\u00e9llar no dej\u00f3 la representaci\u00f3n latina en la bancada m\u00e1s diversa del estado. Desde entonces, Newsom ha estado bajo una presi\u00f3n cada vez mayor para nombrar a la primera miembro latina del estado.<\/p>\n<p>\u201cNewsom tiene la oportunidad de hacer historia y darle a una latina el lugar que le corresponde en la Corte Suprema de California, haciendo que el sistema judicial sea m\u00e1s fuerte y m\u00e1s justo\u201d,\u00a0<a href=\"https:\/\/calmatters.org\/commentary\/2021\/11\/newsom-make-history-appoint-a-latina-to-the-supreme-court\/\">escribi\u00f3 Paul Barragan-Monge, director de movilizaci\u00f3n de la Universidad de California, Los \u00c1ngeles<\/a>, en noviembre.<\/p>\n<p>En todo el estado, hay una escasez significativa de abogados y jueces latinos. En cuatro condados, los condados de la mayor\u00eda latina de California, junto con Kings, Madera y Merced, no tienen jueces latinos en ninguna de las salas superiores.<\/p>\n<p>Y tales disparidades pueden tener efectos que se extiendan a trav\u00e9s de las vidas individuales y comunidades enteras. Las investigaciones indican que los jueces racialmente diversos y las jueces tienden a determinar ciertos casos de manera diferente, en promedio, que sus hom\u00f3logos blancos y masculinos.<\/p>\n<p>Y mientras que aproximadamente el 60% de los estadounidenses blancos y asi\u00e1ticos dijeron que sintieron que los tribunales del condado de California eran justos la mitad del tiempo, solo alrededor del 40% de los latinos dijeron sentir lo mismo, seg\u00fan un\u00a0<a href=\"https:\/\/www.courts.ca.gov\/documents\/4_37pubtrust1.pdf\">estudio encargado por el Consejo Judicial de California<\/a>.<\/p>\n<p>Despu\u00e9s de que CalMatters informara el a\u00f1o pasado sobre la brecha y las dificultades del estado para lograr que m\u00e1s abogados latinos hicieran la transici\u00f3n a la judicatura, el gobernador Newsom abandon\u00f3 el Programa de mentores judiciales de California para ayudar a\u00a0<a href=\"https:\/\/www.gov.ca.gov\/2021\/07\/01\/governor-newsom-launches-california-judicial-mentor-program-to-promote-a-diverse-and-inclusive-judiciary\/\">candidatos m\u00e1s diversos a postularse para servir en el tribunal<\/a>.<\/p>\n<p><em>Este art\u00edculo fue publicado originalmente por\u00a0<\/em><a href=\"https:\/\/calmatters.org\/justice\/2022\/02\/california-supreme-court-first-latina-nominee\/\"><em>CalMatters<\/em><\/a><em>.<\/em><\/p>\n","protected":false},"excerpt":{"rendered":"<p>El gobernador Gavin Newsom nomin\u00f3 hoy a la Corte Suprema del estado a\u00a0Patricia Guerrero, una jueza de la Corte de Apelaciones de San Diego que, de ser confirmada, ser\u00eda la primera latina en servir en la corte m\u00e1s alta de California.<\/p>\n","protected":false},"author":283,"featured_media":2245,"comment_status":"open","ping_status":"open","sticky":false,"template":"","format":"standard","meta":{"newspack_sponsor_sponsorship_scope":"","newspack_sponsor_native_byline_display":"inherit","newspack_sponsor_native_category_display":"inherit","newspack_sponsor_underwriter_style":"inherit","newspack_sponsor_underwriter_placement":"inherit","inline_featured_image":false,"newspack_ads_suppress_ads":false,"_":"","_author_alias":"","cap-aim":"","cap-description":"","cap-display_name":"","cap-first_name":"","cap-jabber":"","cap-last_name":"","cap-linked_account":"","cap-newspack_employer":"","cap-newspack_job_title":"","cap-newspack_phone_number":"","cap-newspack_role":"","cap-user_email":"","cap-user_login":"","cap-website":"","cap-yahooim":"","newspack_article_summary":"","newspack_email_html":"","newspack_email_type":"","newspack_featured_image_position":"","newspack_hide_page_title":"","newspack_hide_updated_date":false,"newspack_popups_has_disabled_popups":"","newspack_post_subtitle":"","newspack_show_share_buttons":"","newspack_sponsor_byline_prefix":"","newspack_sponsor_disclaimer_override":"","newspack_sponsor_flag_override":"","newspack_sponsor_only_direct":"","newspack_sponsor_url":"","newspack_article_summary_title":"Overview:","newspack_show_updated_date":false,"footnotes":""},"categories":[4],"tags":[159],"newspack_spnsrs_tax":[],"coauthors":[11],"class_list":["post-845","post","type-post","status-publish","format-standard","has-post-thumbnail","hentry","category-news","tag-la-corte-suprema-de-california","entry"],"_links":{"self":[{"href":"https:\/\/lbpost.com\/espanol\/wp-json\/wp\/v2\/posts\/845","targetHints":{"allow":["GET"]}}],"collection":[{"href":"https:\/\/lbpost.com\/espanol\/wp-json\/wp\/v2\/posts"}],"about":[{"href":"https:\/\/lbpost.com\/espanol\/wp-json\/wp\/v2\/types\/post"}],"author":[{"embeddable":true,"href":"https:\/\/lbpost.com\/espanol\/wp-json\/wp\/v2\/users\/283"}],"replies":[{"embeddable":true,"href":"https:\/\/lbpost.com\/espanol\/wp-json\/wp\/v2\/comments?post=845"}],"version-history":[{"count":0,"href":"https:\/\/lbpost.com\/espanol\/wp-json\/wp\/v2\/posts\/845\/revisions"}],"wp:featuredmedia":[{"embeddable":true,"href":"https:\/\/lbpost.com\/espanol\/wp-json\/wp\/v2\/media\/2245"}],"wp:attachment":[{"href":"https:\/\/lbpost.com\/espanol\/wp-json\/wp\/v2\/media?parent=845"}],"wp:term":[{"taxonomy":"category","embeddable":true,"href":"https:\/\/lbpost.com\/espanol\/wp-json\/wp\/v2\/categories?post=845"},{"taxonomy":"post_tag","embeddable":true,"href":"https:\/\/lbpost.com\/espanol\/wp-json\/wp\/v2\/tags?post=845"},{"taxonomy":"newspack_spnsrs_tax","embeddable":true,"href":"https:\/\/lbpost.com\/espanol\/wp-json\/wp\/v2\/newspack_spnsrs_tax?post=845"},{"taxonomy":"author","embeddable":true,"href":"https:\/\/lbpost.com\/espanol\/wp-json\/wp\/v2\/coauthors?post=845"}],"curies":[{"name":"wp","href":"https:\/\/api.w.org\/{rel}","templated":true}]}}